{"id":2637,"global_id":"piccolimuseiaprimiero.it\/palazzo-scopoli?id=2637","global_id_lineage":["piccolimuseiaprimiero.it\/palazzo-scopoli?id=2637"],"author":"4","status":"publish","date":"2025-06-03 10:57:50","date_utc":"2025-06-03 08:57:50","modified":"2025-08-05 14:21:45","modified_utc":"2025-08-05 12:21:45","url":"https:\/\/piccolimuseiaprimiero.it\/palazzo-scopoli\/evento\/il-lupo-fuori-dalle-favole\/","rest_url":"https:\/\/piccolimuseiaprimiero.it\/palazzo-scopoli\/wp-json\/tribe\/events\/v1\/events\/2637","title":"APERILIBRO | Il lupo fuori dalle favole","description":"[vc_row type=&#8221;in_container&#8221; full_screen_row_position=&#8221;middle&#8221; column_margin=&#8221;default&#8221; column_direction=&#8221;default&#8221; column_direction_tablet=&#8221;default&#8221; column_direction_phone=&#8221;default&#8221; scene_position=&#8221;center&#8221; text_color=&#8221;dark&#8221; text_align=&#8221;left&#8221; row_border_radius=&#8221;none&#8221; row_border_radius_applies=&#8221;bg&#8221; overflow=&#8221;visible&#8221; overlay_strength=&#8221;0.3&#8243; gradient_direction=&#8221;left_to_right&#8221; shape_divider_position=&#8221;bottom&#8221; bg_image_animation=&#8221;none&#8221;][vc_column column_padding=&#8221;no-extra-padding&#8221; column_padding_tablet=&#8221;inherit&#8221; column_padding_phone=&#8221;inherit&#8221; column_padding_position=&#8221;all&#8221; column_element_direction_desktop=&#8221;default&#8221; column_element_spacing=&#8221;default&#8221; desktop_text_alignment=&#8221;default&#8221; tablet_text_alignment=&#8221;default&#8221; phone_text_alignment=&#8221;default&#8221; background_color_opacity=&#8221;1&#8243; background_hover_color_opacity=&#8221;1&#8243; column_backdrop_filter=&#8221;none&#8221; column_shadow=&#8221;none&#8221; column_border_radius=&#8221;none&#8221; column_link_target=&#8221;_self&#8221; column_position=&#8221;default&#8221; gradient_direction=&#8221;left_to_right&#8221; overlay_strength=&#8221;0.3&#8243; width=&#8221;1\/1&#8243; tablet_width_inherit=&#8221;default&#8221; animation_type=&#8221;default&#8221; bg_image_animation=&#8221;none&#8221; border_type=&#8221;simple&#8221; column_border_width=&#8221;none&#8221; column_border_style=&#8221;solid&#8221;][vc_column_text css=&#8221;&#8221; text_direction=&#8221;default&#8221;]<strong>Gioved\u00ec 7 agosto<\/strong><strong> 2025<\/strong><\/p>\n<p><strong>Ore 17.30<\/strong><\/p>\n<p><strong>APERILIBRO<\/strong><\/p>\n<p><strong>Il lupo fuori dalle favole<\/strong><\/p>\n<p><em>Di Aldo Martina &#8211; Modera Gianna Zortea<\/em><\/p>\n<p>Questo \u00e8 un libro che ha l\u2019ambizione di essere il pi\u00f9 possibile comprensibile, sintetizzando numerosi aspetti che ci legano al lupo, una specie complessa e di indiscutibile fascino ma anche di indubbia problematicit\u00e0. \u00c8 un libro che offre una visione d\u2019insieme per un lettore interessato alle questioni naturali e ai rapporti uomo-fauna, ma che pu\u00f2 avere la sua utilit\u00e0 anche per chi ha una formazione pi\u00f9 specifica. Siamo abituati a categorizzare il lupo in buono o cattivo, invece dobbiamo comprendere che tra i due estremi c&#8217;\u00e8 il mondo, il mondo del lupo, quello vero. Questo libro apre una finestra su quel mondo.<\/p>\n<hr \/>\n<p>Da abbinare ad un aperitivo contadino a km0, proposto dai produttori del mercato della terra B\u00e8l e Bon.<\/p>\n<p>Partecipazione gratuita, degustazione \u20ac 7.[\/vc_column_text][\/vc_column][\/vc_row]","excerpt":"","slug":"il-lupo-fuori-dalle-favole","image":{"url":"https:\/\/piccolimuseiaprimiero.it\/palazzo-scopoli\/wp-content\/uploads\/sites\/11\/2025\/06\/Il-lupo-fuori-dalle-favole.png","id":2638,"extension":"png","width":528,"height":832,"filesize":283489,"sizes":{"medium":{"width":190,"height":300,"mime-type":"image\/png","filesize":50686,"url":"https:\/\/piccolimuseiaprimiero.it\/palazzo-scopoli\/wp-content\/uploads\/sites\/11\/2025\/06\/Il-lupo-fuori-dalle-favole-190x300.png"},"thumbnail":{"width":150,"height":150,"mime-type":"image\/png","filesize":22177,"url":"https:\/\/piccolimuseiaprimiero.it\/palazzo-scopoli\/wp-content\/uploads\/sites\/11\/2025\/06\/Il-lupo-fuori-dalle-favole-150x150.png"},"portfolio-thumb_large":{"width":528,"height":604,"mime-type":"image\/png","filesize":182121,"url":"https:\/\/piccolimuseiaprimiero.it\/palazzo-scopoli\/wp-content\/uploads\/sites\/11\/2025\/06\/Il-lupo-fuori-dalle-favole-528x604.png"},"portfolio-thumb":{"width":528,"height":403,"mime-type":"image\/png","filesize":125639,"url":"https:\/\/piccolimuseiaprimiero.it\/palazzo-scopoli\/wp-content\/uploads\/sites\/11\/2025\/06\/Il-lupo-fuori-dalle-favole-528x403.png"},"portfolio-thumb_small":{"width":400,"height":269,"mime-type":"image\/png","filesize":73871,"url":"https:\/\/piccolimuseiaprimiero.it\/palazzo-scopoli\/wp-content\/uploads\/sites\/11\/2025\/06\/Il-lupo-fuori-dalle-favole-400x269.png"},"portfolio-widget":{"width":100,"height":100,"mime-type":"image\/png","filesize":12033,"url":"https:\/\/piccolimuseiaprimiero.it\/palazzo-scopoli\/wp-content\/uploads\/sites\/11\/2025\/06\/Il-lupo-fuori-dalle-favole-100x100.png"},"nectar_small_square":{"width":140,"height":140,"mime-type":"image\/png","filesize":20078,"url":"https:\/\/piccolimuseiaprimiero.it\/palazzo-scopoli\/wp-content\/uploads\/sites\/11\/2025\/06\/Il-lupo-fuori-dalle-favole-140x140.png"},"wide":{"width":528,"height":500,"mime-type":"image\/png","filesize":152255,"url":"https:\/\/piccolimuseiaprimiero.it\/palazzo-scopoli\/wp-content\/uploads\/sites\/11\/2025\/06\/Il-lupo-fuori-dalle-favole-528x500.png"},"wide_small":{"width":528,"height":335,"mime-type":"image\/png","filesize":113807,"url":"https:\/\/piccolimuseiaprimiero.it\/palazzo-scopoli\/wp-content\/uploads\/sites\/11\/2025\/06\/Il-lupo-fuori-dalle-favole-528x335.png"},"regular":{"width":500,"height":500,"mime-type":"image\/png","filesize":143957,"url":"https:\/\/piccolimuseiaprimiero.it\/palazzo-scopoli\/wp-content\/uploads\/sites\/11\/2025\/06\/Il-lupo-fuori-dalle-favole-500x500.png"},"regular_small":{"width":350,"height":350,"mime-type":"image\/png","filesize":81757,"url":"https:\/\/piccolimuseiaprimiero.it\/palazzo-scopoli\/wp-content\/uploads\/sites\/11\/2025\/06\/Il-lupo-fuori-dalle-favole-350x350.png"},"tall":{"width":500,"height":832,"mime-type":"image\/png","filesize":262170,"url":"https:\/\/piccolimuseiaprimiero.it\/palazzo-scopoli\/wp-content\/uploads\/sites\/11\/2025\/06\/Il-lupo-fuori-dalle-favole-500x832.png"},"wide_photography":{"width":528,"height":600,"mime-type":"image\/png","filesize":180730,"url":"https:\/\/piccolimuseiaprimiero.it\/palazzo-scopoli\/wp-content\/uploads\/sites\/11\/2025\/06\/Il-lupo-fuori-dalle-favole-528x600.png"},"large_featured":{"width":528,"height":770,"mime-type":"image\/png","filesize":238780,"url":"https:\/\/piccolimuseiaprimiero.it\/palazzo-scopoli\/wp-content\/uploads\/sites\/11\/2025\/06\/Il-lupo-fuori-dalle-favole-528x770.png"},"medium_featured":{"width":528,"height":800,"mime-type":"image\/png","filesize":252154,"url":"https:\/\/piccolimuseiaprimiero.it\/palazzo-scopoli\/wp-content\/uploads\/sites\/11\/2025\/06\/Il-lupo-fuori-dalle-favole-528x800.png"}}},"all_day":false,"start_date":"2025-08-07 17:30:00","start_date_details":{"year":"2025","month":"08","day":"07","hour":"17","minutes":"30","seconds":"00"},"end_date":"2025-08-07 18:30:00","end_date_details":{"year":"2025","month":"08","day":"07","hour":"18","minutes":"30","seconds":"00"},"utc_start_date":"2025-08-07 15:30:00","utc_start_date_details":{"year":"2025","month":"08","day":"07","hour":"15","minutes":"30","seconds":"00"},"utc_end_date":"2025-08-07 16:30:00","utc_end_date_details":{"year":"2025","month":"08","day":"07","hour":"16","minutes":"30","seconds":"00"},"timezone":"Europe\/Rome","timezone_abbr":"CEST","cost":"Free","cost_details":{"currency_symbol":"\u20ac","currency_code":"USD\t\t\t\t\t\t\tclass=\t\t\t\t\t\t\tclass=","currency_position":"prefix","values":["0"]},"website":"","show_map":true,"show_map_link":true,"hide_from_listings":false,"sticky":false,"featured":false,"categories":[{"name":"Letture","slug":"letture","term_group":0,"term_taxonomy_id":15,"taxonomy":"tribe_events_cat","description":"","parent":0,"count":14,"filter":"raw","id":15,"urls":{"self":"https:\/\/piccolimuseiaprimiero.it\/palazzo-scopoli\/wp-json\/tribe\/events\/v1\/categories\/15","collection":"https:\/\/piccolimuseiaprimiero.it\/palazzo-scopoli\/wp-json\/tribe\/events\/v1\/categories"}},{"name":"Palazzo Scopoli","slug":"palazzo-scopoli","term_group":0,"term_taxonomy_id":2,"taxonomy":"tribe_events_cat","description":"","parent":0,"count":472,"filter":"raw","id":2,"urls":{"self":"https:\/\/piccolimuseiaprimiero.it\/palazzo-scopoli\/wp-json\/tribe\/events\/v1\/categories\/2","collection":"https:\/\/piccolimuseiaprimiero.it\/palazzo-scopoli\/wp-json\/tribe\/events\/v1\/categories"}}],"tags":[],"venue":[],"organizer":[],"custom_fields":[],"json_ld":{"@context":"http:\/\/schema.org","@type":"Event","name":"APERILIBRO | Il lupo fuori dalle favole","description":"&lt;p&gt;Gioved\u00ec 7 agosto 2025 Ore 17.30 APERILIBRO Il lupo fuori dalle favole Di Aldo Martina - Modera Gianna Zortea Questo \u00e8 un libro che ha l\u2019ambizione di essere il pi\u00f9...&lt;\/p&gt;\\n","image":"https:\/\/piccolimuseiaprimiero.it\/palazzo-scopoli\/wp-content\/uploads\/sites\/11\/2025\/06\/Il-lupo-fuori-dalle-favole.png","url":"https:\/\/piccolimuseiaprimiero.it\/palazzo-scopoli\/evento\/il-lupo-fuori-dalle-favole\/","eventAttendanceMode":"https:\/\/schema.org\/OfflineEventAttendanceMode","eventStatus":"https:\/\/schema.org\/EventScheduled","startDate":"2025-08-07T17:30:00+02:00","endDate":"2025-08-07T18:30:00+02:00","location":false,"offers":{"@type":"Offer","price":"Free","priceCurrency":"USD\t\t\t\t\t\t\tclass=\t\t\t\t\t\t\tclass=","url":"https:\/\/piccolimuseiaprimiero.it\/palazzo-scopoli\/evento\/il-lupo-fuori-dalle-favole\/","category":"primary","availability":"inStock","validFrom":"1970-01-01T00:00:00+00:00"},"performer":"Organization"},"is_virtual":false,"virtual_url":null,"virtual_video_source":""}